{"id":1331,"date":"2019-03-03T14:13:37","date_gmt":"2019-03-03T14:13:37","guid":{"rendered":"https:\/\/partiprisstg.wpenginepowered.com\/uncategorized\/wwf-france-2\/"},"modified":"2021-09-03T15:33:23","modified_gmt":"2021-09-03T15:33:23","slug":"wwf-france-2","status":"publish","type":"post","link":"https:\/\/partipris.com\/en\/projects\/wwf-france-2\/","title":{"rendered":"WWF France"},"content":{"rendered":"","protected":false},"excerpt":{"rendered":"","protected":false},"author":5,"featured_media":1333,"comment_status":"closed","ping_status":"closed","sticky":false,"template":"","format":"standard","meta":{"_acf_changed":false,"content-type":"","footnotes":""},"categories":[70,49,43,152],"tags":[],"class_list":["post-1331","post","type-post","status-publish","format-standard","hentry","category-events-e-events","category-ngos-en","category-projects","category-wwf-france"],"acf":[],"yoast_head":"<!-- This site is optimized with the Yoast SEO plugin v27.4 - https:\/\/yoast.com\/product\/yoast-seo-wordpress\/ -->\n<title>Earth Hour, \u00e9v\u00e9nement grand public par WWF France - Parti Pris \u00e0 Paris<\/title>\n<meta name=\"description\" content=\"WWF France sensibilise le grand public sur des causes environnementales, notamment gr\u00e2ce \u00e0 l&#039;\u00e9v\u00e9nement Earth Hour organis\u00e9 pour la seconde ann\u00e9e cons\u00e9cutive en collaboration avec l&#039;agence \u00e9v\u00e9nementiel Parti Pris \u00e0 Paris\" \/>\n<meta name=\"robots\" content=\"index, follow, max-snippet:-1, max-image-preview:large, max-video-preview:-1\" \/>\n<link rel=\"canonical\" href=\"https:\/\/partipris.com\/en\/projects\/wwf-france-2\/\" \/>\n<meta property=\"og:locale\" content=\"en_US\" \/>\n<meta property=\"og:type\" content=\"article\" \/>\n<meta property=\"og:title\" content=\"Earth Hour, \u00e9v\u00e9nement grand public par WWF France - Parti Pris \u00e0 Paris\" \/>\n<meta property=\"og:description\" content=\"WWF France sensibilise le grand public sur des causes environnementales, notamment gr\u00e2ce \u00e0 l&#039;\u00e9v\u00e9nement Earth Hour organis\u00e9 pour la seconde ann\u00e9e cons\u00e9cutive en collaboration avec l&#039;agence \u00e9v\u00e9nementiel Parti Pris \u00e0 Paris\" \/>\n<meta property=\"og:url\" content=\"https:\/\/partipris.com\/en\/projects\/wwf-france-2\/\" \/>\n<meta property=\"og:site_name\" content=\"Partipris\" \/>\n<meta property=\"article:published_time\" content=\"2019-03-03T14:13:37+00:00\" \/>\n<meta property=\"article:modified_time\" content=\"2021-09-03T15:33:23+00:00\" \/>\n<meta property=\"og:image\" content=\"https:\/\/partipris.com\/wp-content\/uploads\/2019\/04\/wwf-france-earth-hour-agence-partipris-paris.jpg\" \/>\n\t<meta property=\"og:image:width\" content=\"836\" \/>\n\t<meta property=\"og:image:height\" content=\"1134\" \/>\n\t<meta property=\"og:image:type\" content=\"image\/jpeg\" \/>\n<meta name=\"author\" content=\"Najwa\" \/>\n<meta name=\"twitter:card\" content=\"summary_large_image\" \/>\n<meta name=\"twitter:label1\" content=\"Written by\" \/>\n\t<meta name=\"twitter:data1\" content=\"Najwa\" \/>\n<script type=\"application\/ld+json\" class=\"yoast-schema-graph\">{\"@context\":\"https:\\\/\\\/schema.org\",\"@graph\":[{\"@type\":\"Article\",\"@id\":\"https:\\\/\\\/partipris.com\\\/en\\\/projects\\\/wwf-france-2\\\/#article\",\"isPartOf\":{\"@id\":\"https:\\\/\\\/partipris.com\\\/en\\\/projects\\\/wwf-france-2\\\/\"},\"author\":{\"name\":\"Najwa\",\"@id\":\"https:\\\/\\\/partipris.com\\\/en\\\/#\\\/schema\\\/person\\\/77180ecec65495360d66e76fd37175c3\"},\"headline\":\"WWF France\",\"datePublished\":\"2019-03-03T14:13:37+00:00\",\"dateModified\":\"2021-09-03T15:33:23+00:00\",\"mainEntityOfPage\":{\"@id\":\"https:\\\/\\\/partipris.com\\\/en\\\/projects\\\/wwf-france-2\\\/\"},\"wordCount\":2,\"image\":{\"@id\":\"https:\\\/\\\/partipris.com\\\/en\\\/projects\\\/wwf-france-2\\\/#primaryimage\"},\"thumbnailUrl\":\"https:\\\/\\\/partipris.com\\\/wp-content\\\/uploads\\\/2019\\\/04\\\/wwf-france-earth-hour-agence-partipris-paris.jpg\",\"articleSection\":[\"Events &amp; E-vents\",\"NGOs\",\"Projects\",\"WWF France\"],\"inLanguage\":\"en-US\"},{\"@type\":\"WebPage\",\"@id\":\"https:\\\/\\\/partipris.com\\\/en\\\/projects\\\/wwf-france-2\\\/\",\"url\":\"https:\\\/\\\/partipris.com\\\/en\\\/projects\\\/wwf-france-2\\\/\",\"name\":\"Earth Hour, \u00e9v\u00e9nement grand public par WWF France - Parti Pris \u00e0 Paris\",\"isPartOf\":{\"@id\":\"https:\\\/\\\/partipris.com\\\/en\\\/#website\"},\"primaryImageOfPage\":{\"@id\":\"https:\\\/\\\/partipris.com\\\/en\\\/projects\\\/wwf-france-2\\\/#primaryimage\"},\"image\":{\"@id\":\"https:\\\/\\\/partipris.com\\\/en\\\/projects\\\/wwf-france-2\\\/#primaryimage\"},\"thumbnailUrl\":\"https:\\\/\\\/partipris.com\\\/wp-content\\\/uploads\\\/2019\\\/04\\\/wwf-france-earth-hour-agence-partipris-paris.jpg\",\"datePublished\":\"2019-03-03T14:13:37+00:00\",\"dateModified\":\"2021-09-03T15:33:23+00:00\",\"author\":{\"@id\":\"https:\\\/\\\/partipris.com\\\/en\\\/#\\\/schema\\\/person\\\/77180ecec65495360d66e76fd37175c3\"},\"description\":\"WWF France sensibilise le grand public sur des causes environnementales, notamment gr\u00e2ce \u00e0 l'\u00e9v\u00e9nement Earth Hour organis\u00e9 pour la seconde ann\u00e9e cons\u00e9cutive en collaboration avec l'agence \u00e9v\u00e9nementiel Parti Pris \u00e0 Paris\",\"breadcrumb\":{\"@id\":\"https:\\\/\\\/partipris.com\\\/en\\\/projects\\\/wwf-france-2\\\/#breadcrumb\"},\"inLanguage\":\"en-US\",\"potentialAction\":[{\"@type\":\"ReadAction\",\"target\":[\"https:\\\/\\\/partipris.com\\\/en\\\/projects\\\/wwf-france-2\\\/\"]}]},{\"@type\":\"ImageObject\",\"inLanguage\":\"en-US\",\"@id\":\"https:\\\/\\\/partipris.com\\\/en\\\/projects\\\/wwf-france-2\\\/#primaryimage\",\"url\":\"https:\\\/\\\/partipris.com\\\/wp-content\\\/uploads\\\/2019\\\/04\\\/wwf-france-earth-hour-agence-partipris-paris.jpg\",\"contentUrl\":\"https:\\\/\\\/partipris.com\\\/wp-content\\\/uploads\\\/2019\\\/04\\\/wwf-france-earth-hour-agence-partipris-paris.jpg\",\"width\":836,\"height\":1134},{\"@type\":\"BreadcrumbList\",\"@id\":\"https:\\\/\\\/partipris.com\\\/en\\\/projects\\\/wwf-france-2\\\/#breadcrumb\",\"itemListElement\":[{\"@type\":\"ListItem\",\"position\":1,\"name\":\"Accueil\",\"item\":\"https:\\\/\\\/partipris.com\\\/en\\\/\"},{\"@type\":\"ListItem\",\"position\":2,\"name\":\"WWF France\"}]},{\"@type\":\"WebSite\",\"@id\":\"https:\\\/\\\/partipris.com\\\/en\\\/#website\",\"url\":\"https:\\\/\\\/partipris.com\\\/en\\\/\",\"name\":\"Partipris\",\"description\":\"\",\"potentialAction\":[{\"@type\":\"SearchAction\",\"target\":{\"@type\":\"EntryPoint\",\"urlTemplate\":\"https:\\\/\\\/partipris.com\\\/en\\\/?s={search_term_string}\"},\"query-input\":{\"@type\":\"PropertyValueSpecification\",\"valueRequired\":true,\"valueName\":\"search_term_string\"}}],\"inLanguage\":\"en-US\"},{\"@type\":\"Person\",\"@id\":\"https:\\\/\\\/partipris.com\\\/en\\\/#\\\/schema\\\/person\\\/77180ecec65495360d66e76fd37175c3\",\"name\":\"Najwa\"}]}<\/script>\n<!-- \/ Yoast SEO plugin. -->","yoast_head_json":{"title":"Earth Hour, \u00e9v\u00e9nement grand public par WWF France - Parti Pris \u00e0 Paris","description":"WWF France sensibilise le grand public sur des causes environnementales, notamment gr\u00e2ce \u00e0 l'\u00e9v\u00e9nement Earth Hour organis\u00e9 pour la seconde ann\u00e9e cons\u00e9cutive en collaboration avec l'agence \u00e9v\u00e9nementiel Parti Pris \u00e0 Paris","robots":{"index":"index","follow":"follow","max-snippet":"max-snippet:-1","max-image-preview":"max-image-preview:large","max-video-preview":"max-video-preview:-1"},"canonical":"https:\/\/partipris.com\/en\/projects\/wwf-france-2\/","og_locale":"en_US","og_type":"article","og_title":"Earth Hour, \u00e9v\u00e9nement grand public par WWF France - Parti Pris \u00e0 Paris","og_description":"WWF France sensibilise le grand public sur des causes environnementales, notamment gr\u00e2ce \u00e0 l'\u00e9v\u00e9nement Earth Hour organis\u00e9 pour la seconde ann\u00e9e cons\u00e9cutive en collaboration avec l'agence \u00e9v\u00e9nementiel Parti Pris \u00e0 Paris","og_url":"https:\/\/partipris.com\/en\/projects\/wwf-france-2\/","og_site_name":"Partipris","article_published_time":"2019-03-03T14:13:37+00:00","article_modified_time":"2021-09-03T15:33:23+00:00","og_image":[{"width":836,"height":1134,"url":"https:\/\/partipris.com\/wp-content\/uploads\/2019\/04\/wwf-france-earth-hour-agence-partipris-paris.jpg","type":"image\/jpeg"}],"author":"Najwa","twitter_card":"summary_large_image","twitter_misc":{"Written by":"Najwa"},"schema":{"@context":"https:\/\/schema.org","@graph":[{"@type":"Article","@id":"https:\/\/partipris.com\/en\/projects\/wwf-france-2\/#article","isPartOf":{"@id":"https:\/\/partipris.com\/en\/projects\/wwf-france-2\/"},"author":{"name":"Najwa","@id":"https:\/\/partipris.com\/en\/#\/schema\/person\/77180ecec65495360d66e76fd37175c3"},"headline":"WWF France","datePublished":"2019-03-03T14:13:37+00:00","dateModified":"2021-09-03T15:33:23+00:00","mainEntityOfPage":{"@id":"https:\/\/partipris.com\/en\/projects\/wwf-france-2\/"},"wordCount":2,"image":{"@id":"https:\/\/partipris.com\/en\/projects\/wwf-france-2\/#primaryimage"},"thumbnailUrl":"https:\/\/partipris.com\/wp-content\/uploads\/2019\/04\/wwf-france-earth-hour-agence-partipris-paris.jpg","articleSection":["Events &amp; E-vents","NGOs","Projects","WWF France"],"inLanguage":"en-US"},{"@type":"WebPage","@id":"https:\/\/partipris.com\/en\/projects\/wwf-france-2\/","url":"https:\/\/partipris.com\/en\/projects\/wwf-france-2\/","name":"Earth Hour, \u00e9v\u00e9nement grand public par WWF France - Parti Pris \u00e0 Paris","isPartOf":{"@id":"https:\/\/partipris.com\/en\/#website"},"primaryImageOfPage":{"@id":"https:\/\/partipris.com\/en\/projects\/wwf-france-2\/#primaryimage"},"image":{"@id":"https:\/\/partipris.com\/en\/projects\/wwf-france-2\/#primaryimage"},"thumbnailUrl":"https:\/\/partipris.com\/wp-content\/uploads\/2019\/04\/wwf-france-earth-hour-agence-partipris-paris.jpg","datePublished":"2019-03-03T14:13:37+00:00","dateModified":"2021-09-03T15:33:23+00:00","author":{"@id":"https:\/\/partipris.com\/en\/#\/schema\/person\/77180ecec65495360d66e76fd37175c3"},"description":"WWF France sensibilise le grand public sur des causes environnementales, notamment gr\u00e2ce \u00e0 l'\u00e9v\u00e9nement Earth Hour organis\u00e9 pour la seconde ann\u00e9e cons\u00e9cutive en collaboration avec l'agence \u00e9v\u00e9nementiel Parti Pris \u00e0 Paris","breadcrumb":{"@id":"https:\/\/partipris.com\/en\/projects\/wwf-france-2\/#breadcrumb"},"inLanguage":"en-US","potentialAction":[{"@type":"ReadAction","target":["https:\/\/partipris.com\/en\/projects\/wwf-france-2\/"]}]},{"@type":"ImageObject","inLanguage":"en-US","@id":"https:\/\/partipris.com\/en\/projects\/wwf-france-2\/#primaryimage","url":"https:\/\/partipris.com\/wp-content\/uploads\/2019\/04\/wwf-france-earth-hour-agence-partipris-paris.jpg","contentUrl":"https:\/\/partipris.com\/wp-content\/uploads\/2019\/04\/wwf-france-earth-hour-agence-partipris-paris.jpg","width":836,"height":1134},{"@type":"BreadcrumbList","@id":"https:\/\/partipris.com\/en\/projects\/wwf-france-2\/#breadcrumb","itemListElement":[{"@type":"ListItem","position":1,"name":"Accueil","item":"https:\/\/partipris.com\/en\/"},{"@type":"ListItem","position":2,"name":"WWF France"}]},{"@type":"WebSite","@id":"https:\/\/partipris.com\/en\/#website","url":"https:\/\/partipris.com\/en\/","name":"Partipris","description":"","potentialAction":[{"@type":"SearchAction","target":{"@type":"EntryPoint","urlTemplate":"https:\/\/partipris.com\/en\/?s={search_term_string}"},"query-input":{"@type":"PropertyValueSpecification","valueRequired":true,"valueName":"search_term_string"}}],"inLanguage":"en-US"},{"@type":"Person","@id":"https:\/\/partipris.com\/en\/#\/schema\/person\/77180ecec65495360d66e76fd37175c3","name":"Najwa"}]}},"_links":{"self":[{"href":"https:\/\/partipris.com\/en\/wp-json\/wp\/v2\/posts\/1331","targetHints":{"allow":["GET"]}}],"collection":[{"href":"https:\/\/partipris.com\/en\/wp-json\/wp\/v2\/posts"}],"about":[{"href":"https:\/\/partipris.com\/en\/wp-json\/wp\/v2\/types\/post"}],"author":[{"embeddable":true,"href":"https:\/\/partipris.com\/en\/wp-json\/wp\/v2\/users\/5"}],"replies":[{"embeddable":true,"href":"https:\/\/partipris.com\/en\/wp-json\/wp\/v2\/comments?post=1331"}],"version-history":[{"count":0,"href":"https:\/\/partipris.com\/en\/wp-json\/wp\/v2\/posts\/1331\/revisions"}],"wp:featuredmedia":[{"embeddable":true,"href":"https:\/\/partipris.com\/en\/wp-json\/wp\/v2\/media\/1333"}],"wp:attachment":[{"href":"https:\/\/partipris.com\/en\/wp-json\/wp\/v2\/media?parent=1331"}],"wp:term":[{"taxonomy":"category","embeddable":true,"href":"https:\/\/partipris.com\/en\/wp-json\/wp\/v2\/categories?post=1331"},{"taxonomy":"post_tag","embeddable":true,"href":"https:\/\/partipris.com\/en\/wp-json\/wp\/v2\/tags?post=1331"}],"curies":[{"name":"wp","href":"https:\/\/api.w.org\/{rel}","templated":true}]}}